{"id":470,"date":"2020-02-25T14:54:02","date_gmt":"2020-02-25T13:54:02","guid":{"rendered":"http:\/\/thewinefactory.fr\/?p=470"},"modified":"2020-05-15T00:14:44","modified_gmt":"2020-05-14T22:14:44","slug":"exposition-peinture-et-papier-decoupe","status":"publish","type":"post","link":"https:\/\/thewinefactory.fr\/index.php\/2020\/02\/25\/exposition-peinture-et-papier-decoupe\/","title":{"rendered":"Exposition Peinture et Papier D\u00e9coup\u00e9"},"content":{"rendered":"\t\t<div data-elementor-type=\"wp-post\" data-elementor-id=\"470\" class=\"elementor elementor-470\" data-elementor-settings=\"[]\">\n\t\t\t\t\t\t<div class=\"elementor-inner\">\n\t\t\t\t\t\t\t<div class=\"elementor-section-wrap\">\n\t\t\t\t\t\t\t<section class=\"elementor-section elementor-top-section elementor-element elementor-element-68e5de0 elementor-section-boxed elementor-section-height-default elementor-section-height-default\" data-id=\"68e5de0\" data-element_type=\"section\">\n\t\t\t\t\t\t<div class=\"elementor-container elementor-column-gap-default\">\n\t\t\t\t\t\t\t<div class=\"elementor-row\">\n\t\t\t\t\t<div class=\"elementor-column elementor-col-100 elementor-top-column elementor-element elementor-element-9e4e88f\" data-id=\"9e4e88f\" data-element_type=\"column\">\n\t\t\t<div class=\"elementor-column-wrap elementor-element-populated\">\n\t\t\t\t\t\t\t<div class=\"elementor-widget-wrap\">\n\t\t\t\t\t\t<div class=\"elementor-element elementor-element-31db674 elementor-widget elementor-widget-heading\" data-id=\"31db674\" data-element_type=\"widget\" data-widget_type=\"heading.default\">\n\t\t\t\t<div class=\"elementor-widget-container\">\n\t\t\t<h2 class=\"elementor-heading-title elementor-size-medium\">Melanie DAVIS \u2013 \u00ab&nbsp;Le trajet \u2013 de Gen\u00e8ve \u00e0 Chamonix&nbsp;\u00bb<br>F\u00e9vrier \u2013 Mars 2020<\/h2>\t\t<\/div>\n\t\t\t\t<\/div>\n\t\t\t\t\t\t<\/div>\n\t\t\t\t\t<\/div>\n\t\t<\/div>\n\t\t\t\t\t\t\t\t<\/div>\n\t\t\t\t\t<\/div>\n\t\t<\/section>\n\t\t\t\t<section class=\"elementor-section elementor-top-section elementor-element elementor-element-8f4de85 elementor-section-boxed elementor-section-height-default elementor-section-height-default\" data-id=\"8f4de85\" data-element_type=\"section\">\n\t\t\t\t\t\t<div class=\"elementor-container elementor-column-gap-default\">\n\t\t\t\t\t\t\t<div class=\"elementor-row\">\n\t\t\t\t\t<div class=\"elementor-column elementor-col-100 elementor-top-column elementor-element elementor-element-13b8403\" data-id=\"13b8403\" data-element_type=\"column\">\n\t\t\t<div class=\"elementor-column-wrap elementor-element-populated\">\n\t\t\t\t\t\t\t<div class=\"elementor-widget-wrap\">\n\t\t\t\t\t\t<div class=\"elementor-element elementor-element-7f3bb20 elementor-widget elementor-widget-image\" data-id=\"7f3bb20\" data-element_type=\"widget\" data-widget_type=\"image.default\">\n\t\t\t\t<div class=\"elementor-widget-container\">\n\t\t\t\t\t<div class=\"elementor-image\">\n\t\t\t\t\t\t\t\t\t\t<img loading=\"lazy\" decoding=\"async\" width=\"525\" height=\"394\" src=\"https:\/\/thewinefactory.fr\/wp-content\/uploads\/2020\/02\/MD-CHUTE-eau-a\u0300-sallanches-2001-1024x768.jpg\" class=\"attachment-large size-large\" alt=\"\" srcset=\"https:\/\/thewinefactory.fr\/wp-content\/uploads\/2020\/02\/MD-CHUTE-eau-a\u0300-sallanches-2001-1024x768.jpg 1024w, https:\/\/thewinefactory.fr\/wp-content\/uploads\/2020\/02\/MD-CHUTE-eau-a\u0300-sallanches-2001-300x225.jpg 300w, https:\/\/thewinefactory.fr\/wp-content\/uploads\/2020\/02\/MD-CHUTE-eau-a\u0300-sallanches-2001-768x576.jpg 768w, https:\/\/thewinefactory.fr\/wp-content\/uploads\/2020\/02\/MD-CHUTE-eau-a\u0300-sallanches-2001.jpg 2016w\" sizes=\"100vw\" \/>\t\t\t\t\t\t\t\t\t\t\t<\/div>\n\t\t\t\t<\/div>\n\t\t\t\t<\/div>\n\t\t\t\t\t\t<\/div>\n\t\t\t\t\t<\/div>\n\t\t<\/div>\n\t\t\t\t\t\t\t\t<\/div>\n\t\t\t\t\t<\/div>\n\t\t<\/section>\n\t\t\t\t<section class=\"elementor-section elementor-top-section elementor-element elementor-element-d7795a7 elementor-section-boxed elementor-section-height-default elementor-section-height-default\" data-id=\"d7795a7\" data-element_type=\"section\">\n\t\t\t\t\t\t<div class=\"elementor-container elementor-column-gap-default\">\n\t\t\t\t\t\t\t<div class=\"elementor-row\">\n\t\t\t\t\t<div class=\"elementor-column elementor-col-100 elementor-top-column elementor-element elementor-element-f84403c\" data-id=\"f84403c\" data-element_type=\"column\">\n\t\t\t<div class=\"elementor-column-wrap elementor-element-populated\">\n\t\t\t\t\t\t\t<div class=\"elementor-widget-wrap\">\n\t\t\t\t\t\t<div class=\"elementor-element elementor-element-e0c3899 elementor-widget elementor-widget-text-editor\" data-id=\"e0c3899\" data-element_type=\"widget\" data-widget_type=\"text-editor.default\">\n\t\t\t\t<div class=\"elementor-widget-container\">\n\t\t\t\t\t<div class=\"elementor-text-editor elementor-clearfix\"><p><i style=\"mso-bidi-font-style: normal;\"><span lang=\"EN-US\" style=\"font-size: 10.0pt; mso-bidi-font-size: 12.0pt; font-family: 'Arial\\, sans-serif'; color: black; mso-color-alt: windowtext;\"><span style=\"color: #ffffff;\">Melanie Davis a commenc\u00e9 \u00e0 \u00e9tudier l&#8217;art dans les ann\u00e9es 1980, et a \u00e9t\u00e9 fascin\u00e9 par la mani\u00e8re dont les artistes per\u00e7oivent les volumes et les<\/span> <span style=\"color: #ffffff;\">formes, ainsi que la puissance \u00e9motionelle qu&#8217;ils en tirent. Elle s&#8217;est particuli\u00e8rement int\u00e9ress\u00e9e \u00e0 l&#8217;architecture urbaine et militaire et, depuis son d\u00e9m\u00e9nagement dans les Alpes fran\u00e7aises en 2007, l&#8217;architecture naturelle des montagnes l&#8217;inspire. Les glaciers et crevasses de Chamonix apparaissent aussi dans ses repr\u00e9sentations du r\u00e9el. <br \/><\/span><\/span><\/i><\/p><p class=\"Textbody\"><span style=\"color: #ffffff;\"><i style=\"mso-bidi-font-style: normal;\"><span lang=\"EN-US\" style=\"font-size: 10pt; font-family: 'Arial, sans-serif';\">R\u00e9cemment expos\u00e9e \u00e0 l\u2019a\u00e9roport de Gen\u00e8ve \u2013 les derni\u00e8res oeuvres de M\u00e9lanie explorent un voyage particulier, le trajet \u201cGen\u00e8ve \u00ad Chamonix\u201d,<\/span><\/i><\/span><i> <\/i><span style=\"color: #ffffff;\"><i style=\"mso-bidi-font-style: normal;\"><span lang=\"EN-US\" style=\"font-size: 10pt; font-family: 'Arial, sans-serif';\">compos\u00e9e de peintures, collages et photographies. Melanie se sent au d\u00e9but d&#8217;un p\u00e9riple. Elle se consacre \u00e9galement aux voyages ou souvenirs d&#8217;autrui, et se propose de r\u00e9aliser sur commande des originaux pour repr\u00e9senter des lieux et des panoramas chers \u00e0 ses clients.<\/span><\/i><\/span><\/p><\/div>\n\t\t\t\t<\/div>\n\t\t\t\t<\/div>\n\t\t\t\t\t\t<\/div>\n\t\t\t\t\t<\/div>\n\t\t<\/div>\n\t\t\t\t\t\t\t\t<\/div>\n\t\t\t\t\t<\/div>\n\t\t<\/section>\n\t\t\t\t<section class=\"elementor-section elementor-top-section elementor-element elementor-element-b0ccaea elementor-section-boxed elementor-section-height-default elementor-section-height-default\" data-id=\"b0ccaea\" data-element_type=\"section\">\n\t\t\t\t\t\t<div class=\"elementor-container elementor-column-gap-default\">\n\t\t\t\t\t\t\t<div class=\"elementor-row\">\n\t\t\t\t\t<div class=\"elementor-column elementor-col-100 elementor-top-column elementor-element elementor-element-18b677b\" data-id=\"18b677b\" data-element_type=\"column\">\n\t\t\t<div class=\"elementor-column-wrap elementor-element-populated\">\n\t\t\t\t\t\t\t<div class=\"elementor-widget-wrap\">\n\t\t\t\t\t\t<div class=\"elementor-element elementor-element-b242076 elementor-widget elementor-widget-image\" data-id=\"b242076\" data-element_type=\"widget\" data-widget_type=\"image.default\">\n\t\t\t\t<div class=\"elementor-widget-container\">\n\t\t\t\t\t<div class=\"elementor-image\">\n\t\t\t\t\t\t\t\t\t\t<img loading=\"lazy\" decoding=\"async\" width=\"525\" height=\"394\" src=\"https:\/\/thewinefactory.fr\/wp-content\/uploads\/2020\/02\/MELANIE-DAVIS-expo-2001-1024x768.jpg\" class=\"attachment-large size-large\" alt=\"\" srcset=\"https:\/\/thewinefactory.fr\/wp-content\/uploads\/2020\/02\/MELANIE-DAVIS-expo-2001-1024x768.jpg 1024w, https:\/\/thewinefactory.fr\/wp-content\/uploads\/2020\/02\/MELANIE-DAVIS-expo-2001-300x225.jpg 300w, https:\/\/thewinefactory.fr\/wp-content\/uploads\/2020\/02\/MELANIE-DAVIS-expo-2001-768x576.jpg 768w, https:\/\/thewinefactory.fr\/wp-content\/uploads\/2020\/02\/MELANIE-DAVIS-expo-2001.jpg 2016w\" sizes=\"100vw\" \/>\t\t\t\t\t\t\t\t\t\t\t<\/div>\n\t\t\t\t<\/div>\n\t\t\t\t<\/div>\n\t\t\t\t\t\t<\/div>\n\t\t\t\t\t<\/div>\n\t\t<\/div>\n\t\t\t\t\t\t\t\t<\/div>\n\t\t\t\t\t<\/div>\n\t\t<\/section>\n\t\t\t\t\t\t<\/div>\n\t\t\t\t\t\t<\/div>\n\t\t\t\t\t<\/div>\n\t\t","protected":false},"excerpt":{"rendered":"<p>Melanie DAVIS \u2013 \u00ab&nbsp;Le trajet \u2013 de Gen\u00e8ve \u00e0 Chamonix&nbsp;\u00bbF\u00e9vrier \u2013 Mars 2020 Melanie Davis a commenc\u00e9 \u00e0 \u00e9tudier l&#8217;art dans les ann\u00e9es 1980, et a \u00e9t\u00e9 fascin\u00e9 par la mani\u00e8re dont les artistes per\u00e7oivent les volumes et les formes, ainsi que la puissance \u00e9motionelle qu&#8217;ils en tirent. Elle s&#8217;est particuli\u00e8rement int\u00e9ress\u00e9e \u00e0 l&#8217;architecture urbaine &hellip; <\/p>\n<p class=\"link-more\"><a href=\"https:\/\/thewinefactory.fr\/index.php\/2020\/02\/25\/exposition-peinture-et-papier-decoupe\/\" class=\"more-link\">Continue reading<span class=\"screen-reader-text\"> &#8220;Exposition Peinture et Papier D\u00e9coup\u00e9&#8221;<\/span><\/a><\/p>\n","protected":false},"author":1,"featured_media":0,"comment_status":"open","ping_status":"open","sticky":false,"template":"","format":"standard","meta":{"footnotes":""},"categories":[1],"tags":[],"_links":{"self":[{"href":"https:\/\/thewinefactory.fr\/index.php\/wp-json\/wp\/v2\/posts\/470"}],"collection":[{"href":"https:\/\/thewinefactory.fr\/index.php\/wp-json\/wp\/v2\/posts"}],"about":[{"href":"https:\/\/thewinefactory.fr\/index.php\/wp-json\/wp\/v2\/types\/post"}],"author":[{"embeddable":true,"href":"https:\/\/thewinefactory.fr\/index.php\/wp-json\/wp\/v2\/users\/1"}],"replies":[{"embeddable":true,"href":"https:\/\/thewinefactory.fr\/index.php\/wp-json\/wp\/v2\/comments?post=470"}],"version-history":[{"count":9,"href":"https:\/\/thewinefactory.fr\/index.php\/wp-json\/wp\/v2\/posts\/470\/revisions"}],"predecessor-version":[{"id":690,"href":"https:\/\/thewinefactory.fr\/index.php\/wp-json\/wp\/v2\/posts\/470\/revisions\/690"}],"wp:attachment":[{"href":"https:\/\/thewinefactory.fr\/index.php\/wp-json\/wp\/v2\/media?parent=470"}],"wp:term":[{"taxonomy":"category","embeddable":true,"href":"https:\/\/thewinefactory.fr\/index.php\/wp-json\/wp\/v2\/categories?post=470"},{"taxonomy":"post_tag","embeddable":true,"href":"https:\/\/thewinefactory.fr\/index.php\/wp-json\/wp\/v2\/tags?post=470"}],"curies":[{"name":"wp","href":"https:\/\/api.w.org\/{rel}","templated":true}]}}