{"id":464,"date":"2020-02-17T13:21:23","date_gmt":"2020-02-17T12:21:23","guid":{"rendered":"http:\/\/thewinefactory.fr\/?p=464"},"modified":"2020-02-17T13:23:42","modified_gmt":"2020-02-17T12:23:42","slug":"degustation-cote-du-rhone-nord-domaine-rhone-2-vallee-mardi-18-fevrier-de-18h-a-19h","status":"publish","type":"post","link":"https:\/\/thewinefactory.fr\/index.php\/2020\/02\/17\/degustation-cote-du-rhone-nord-domaine-rhone-2-vallee-mardi-18-fevrier-de-18h-a-19h\/","title":{"rendered":"D\u00e9gustation C\u00f4te du Rhone Nord &#8211; Domaine Rhone 2 Vall\u00e9e &#8211; Mardi 18 F\u00e9vrier de 18h \u00e0 19H"},"content":{"rendered":"\t\t<div data-elementor-type=\"wp-post\" data-elementor-id=\"464\" class=\"elementor elementor-464 elementor-bc-flex-widget\" data-elementor-settings=\"[]\">\n\t\t\t\t\t\t<div class=\"elementor-inner\">\n\t\t\t\t\t\t\t<div class=\"elementor-section-wrap\">\n\t\t\t\t\t\t\t<section class=\"elementor-section elementor-top-section elementor-element elementor-element-7245ad6b elementor-section-boxed elementor-section-height-default elementor-section-height-default\" data-id=\"7245ad6b\" data-element_type=\"section\">\n\t\t\t\t\t\t<div class=\"elementor-container elementor-column-gap-default\">\n\t\t\t\t\t\t\t<div class=\"elementor-row\">\n\t\t\t\t\t<div class=\"elementor-column elementor-col-100 elementor-top-column elementor-element elementor-element-7a9f997c\" data-id=\"7a9f997c\" data-element_type=\"column\">\n\t\t\t<div class=\"elementor-column-wrap elementor-element-populated\">\n\t\t\t\t\t\t\t<div class=\"elementor-widget-wrap\">\n\t\t\t\t\t\t<div class=\"elementor-element elementor-element-2e37b0f9 elementor-widget elementor-widget-text-editor\" data-id=\"2e37b0f9\" data-element_type=\"widget\" data-widget_type=\"text-editor.default\">\n\t\t\t\t<div class=\"elementor-widget-container\">\n\t\t\t\t\t<div class=\"elementor-text-editor elementor-clearfix\">&nbsp;\n\nPascal Cluzel proposera \u00e0 la d\u00e9gustation ses vins de 18h \u00e0 19h. N&#8217;h\u00e9sitez pas \u00e0 nous rejoindre pour une d\u00e9gustation de Vionnier, de son num\u00e9ro 9 qui ravira les amateurs de Syrah et de son C\u00f4te R\u00f4tie, figure embl\u00e9matique de la C\u00f4te du Rhone Nord.<\/div>\n\t\t\t\t<\/div>\n\t\t\t\t<\/div>\n\t\t\t\t\t\t<\/div>\n\t\t\t\t\t<\/div>\n\t\t<\/div>\n\t\t\t\t\t\t\t\t<\/div>\n\t\t\t\t\t<\/div>\n\t\t<\/section>\n\t\t\t\t<section class=\"elementor-section elementor-top-section elementor-element elementor-element-3c3dbd2 elementor-section-boxed elementor-section-height-default elementor-section-height-default\" data-id=\"3c3dbd2\" data-element_type=\"section\">\n\t\t\t\t\t\t<div class=\"elementor-container elementor-column-gap-default\">\n\t\t\t\t\t\t\t<div class=\"elementor-row\">\n\t\t\t\t\t<div class=\"elementor-column elementor-col-100 elementor-top-column elementor-element elementor-element-d4c6004\" data-id=\"d4c6004\" data-element_type=\"column\">\n\t\t\t<div class=\"elementor-column-wrap elementor-element-populated\">\n\t\t\t\t\t\t\t<div class=\"elementor-widget-wrap\">\n\t\t\t\t\t\t<section class=\"elementor-section elementor-inner-section elementor-element elementor-element-fec0dc3 elementor-section-boxed elementor-section-height-default elementor-section-height-default\" data-id=\"fec0dc3\" data-element_type=\"section\">\n\t\t\t\t\t\t<div class=\"elementor-container elementor-column-gap-default\">\n\t\t\t\t\t\t\t<div class=\"elementor-row\">\n\t\t\t\t\t<div class=\"elementor-column elementor-col-50 elementor-inner-column elementor-element elementor-element-8b0494d\" data-id=\"8b0494d\" data-element_type=\"column\">\n\t\t\t<div class=\"elementor-column-wrap elementor-element-populated\">\n\t\t\t\t\t\t\t<div class=\"elementor-widget-wrap\">\n\t\t\t\t\t\t<div class=\"elementor-element elementor-element-3203f95 elementor-widget elementor-widget-image\" data-id=\"3203f95\" data-element_type=\"widget\" data-widget_type=\"image.default\">\n\t\t\t\t<div class=\"elementor-widget-container\">\n\t\t\t\t\t<div class=\"elementor-image\">\n\t\t\t\t\t\t\t\t\t\t<img loading=\"lazy\" decoding=\"async\" width=\"525\" height=\"702\" src=\"https:\/\/thewinefactory.fr\/wp-content\/uploads\/2020\/02\/Capture-d\u2019e\u0301cran-2020-02-17-a\u0300-13.08.38.png\" class=\"attachment-large size-large\" alt=\"\" srcset=\"https:\/\/thewinefactory.fr\/wp-content\/uploads\/2020\/02\/Capture-d\u2019e\u0301cran-2020-02-17-a\u0300-13.08.38.png 574w, https:\/\/thewinefactory.fr\/wp-content\/uploads\/2020\/02\/Capture-d\u2019e\u0301cran-2020-02-17-a\u0300-13.08.38-224x300.png 224w\" sizes=\"100vw\" \/>\t\t\t\t\t\t\t\t\t\t\t<\/div>\n\t\t\t\t<\/div>\n\t\t\t\t<\/div>\n\t\t\t\t\t\t<\/div>\n\t\t\t\t\t<\/div>\n\t\t<\/div>\n\t\t\t\t<div class=\"elementor-column elementor-col-50 elementor-inner-column elementor-element elementor-element-9361976\" data-id=\"9361976\" data-element_type=\"column\">\n\t\t\t<div class=\"elementor-column-wrap elementor-element-populated\">\n\t\t\t\t\t\t\t<div class=\"elementor-widget-wrap\">\n\t\t\t\t\t\t<div class=\"elementor-element elementor-element-6dd98cf elementor-widget elementor-widget-image\" data-id=\"6dd98cf\" data-element_type=\"widget\" data-widget_type=\"image.default\">\n\t\t\t\t<div class=\"elementor-widget-container\">\n\t\t\t\t\t<div class=\"elementor-image\">\n\t\t\t\t\t\t\t\t\t\t<img loading=\"lazy\" decoding=\"async\" width=\"5184\" height=\"3456\" src=\"https:\/\/thewinefactory.fr\/wp-content\/uploads\/2020\/02\/IMG_6311.jpg\" class=\"attachment-full size-full\" alt=\"\" srcset=\"https:\/\/thewinefactory.fr\/wp-content\/uploads\/2020\/02\/IMG_6311.jpg 5184w, https:\/\/thewinefactory.fr\/wp-content\/uploads\/2020\/02\/IMG_6311-300x200.jpg 300w, https:\/\/thewinefactory.fr\/wp-content\/uploads\/2020\/02\/IMG_6311-768x512.jpg 768w, https:\/\/thewinefactory.fr\/wp-content\/uploads\/2020\/02\/IMG_6311-1024x683.jpg 1024w\" sizes=\"100vw\" \/>\t\t\t\t\t\t\t\t\t\t\t<\/div>\n\t\t\t\t<\/div>\n\t\t\t\t<\/div>\n\t\t\t\t\t\t<\/div>\n\t\t\t\t\t<\/div>\n\t\t<\/div>\n\t\t\t\t\t\t\t\t<\/div>\n\t\t\t\t\t<\/div>\n\t\t<\/section>\n\t\t\t\t\t\t<\/div>\n\t\t\t\t\t<\/div>\n\t\t<\/div>\n\t\t\t\t\t\t\t\t<\/div>\n\t\t\t\t\t<\/div>\n\t\t<\/section>\n\t\t\t\t\t\t<\/div>\n\t\t\t\t\t\t<\/div>\n\t\t\t\t\t<\/div>\n\t\t","protected":false},"excerpt":{"rendered":"<p>&nbsp; Pascal Cluzel proposera \u00e0 la d\u00e9gustation ses vins de 18h \u00e0 19h. N&#8217;h\u00e9sitez pas \u00e0 nous rejoindre pour une d\u00e9gustation de Vionnier, de son num\u00e9ro 9 qui ravira les amateurs de Syrah et de son C\u00f4te R\u00f4tie, figure embl\u00e9matique de la C\u00f4te du Rhone Nord.<\/p>\n","protected":false},"author":1,"featured_media":0,"comment_status":"open","ping_status":"open","sticky":false,"template":"","format":"standard","meta":{"footnotes":""},"categories":[1],"tags":[],"_links":{"self":[{"href":"https:\/\/thewinefactory.fr\/index.php\/wp-json\/wp\/v2\/posts\/464"}],"collection":[{"href":"https:\/\/thewinefactory.fr\/index.php\/wp-json\/wp\/v2\/posts"}],"about":[{"href":"https:\/\/thewinefactory.fr\/index.php\/wp-json\/wp\/v2\/types\/post"}],"author":[{"embeddable":true,"href":"https:\/\/thewinefactory.fr\/index.php\/wp-json\/wp\/v2\/users\/1"}],"replies":[{"embeddable":true,"href":"https:\/\/thewinefactory.fr\/index.php\/wp-json\/wp\/v2\/comments?post=464"}],"version-history":[{"count":2,"href":"https:\/\/thewinefactory.fr\/index.php\/wp-json\/wp\/v2\/posts\/464\/revisions"}],"predecessor-version":[{"id":468,"href":"https:\/\/thewinefactory.fr\/index.php\/wp-json\/wp\/v2\/posts\/464\/revisions\/468"}],"wp:attachment":[{"href":"https:\/\/thewinefactory.fr\/index.php\/wp-json\/wp\/v2\/media?parent=464"}],"wp:term":[{"taxonomy":"category","embeddable":true,"href":"https:\/\/thewinefactory.fr\/index.php\/wp-json\/wp\/v2\/categories?post=464"},{"taxonomy":"post_tag","embeddable":true,"href":"https:\/\/thewinefactory.fr\/index.php\/wp-json\/wp\/v2\/tags?post=464"}],"curies":[{"name":"wp","href":"https:\/\/api.w.org\/{rel}","templated":true}]}}