{"id":457,"date":"2020-02-09T11:28:43","date_gmt":"2020-02-09T10:28:43","guid":{"rendered":"http:\/\/thewinefactory.fr\/?p=457"},"modified":"2020-02-09T11:28:43","modified_gmt":"2020-02-09T10:28:43","slug":"457","status":"publish","type":"post","link":"https:\/\/thewinefactory.fr\/index.php\/2020\/02\/09\/457\/","title":{"rendered":""},"content":{"rendered":"<h2><strong><img loading=\"lazy\" decoding=\"async\" class=\"alignnone wp-image-460 size-large\" src=\"https:\/\/thewinefactory.fr\/wp-content\/uploads\/2020\/02\/Les-Houches-13-Chailloux-nuit-hiver-2018-copie-1024x319.jpg\" alt=\"\" width=\"525\" height=\"164\" srcset=\"https:\/\/thewinefactory.fr\/wp-content\/uploads\/2020\/02\/Les-Houches-13-Chailloux-nuit-hiver-2018-copie-1024x319.jpg 1024w, https:\/\/thewinefactory.fr\/wp-content\/uploads\/2020\/02\/Les-Houches-13-Chailloux-nuit-hiver-2018-copie-300x93.jpg 300w, https:\/\/thewinefactory.fr\/wp-content\/uploads\/2020\/02\/Les-Houches-13-Chailloux-nuit-hiver-2018-copie-768x239.jpg 768w\" sizes=\"(max-width: 525px) 100vw, 525px\" \/><\/strong>\u00a0<strong>Exposition Photo de nuit par Patrice LABARBE<\/strong>&#8211;<strong> \u201cContes de Nuits Lact\u00e9es\u201d <\/strong><\/h2>\n<p>Depuis plus de 30 ans ce chasseur d&#8217;images et de lumi\u00e8re, \u00e9galement accompagnateur en moontagne \u00e0 poser ses objectifs dans la Vall\u00e9e et saisi l&#8217;esth\u00e9tisme de la nature vesp\u00e9rale et nocturne et r\u00e9v\u00e8le des \u201cFragments de nuits perch\u00e9es\u201d.<\/p>\n<p>C&#8217;est \u00e0 l&#8217;\u00e2ge de 12 ans, lors d&#8217;un s\u00e9jour en colonie de vacances au dessus de Sallanches que Patrice LABARBE d\u00e9couvre la nature montagnarde. Ce coup de foudre pr\u00e9coce va d\u00e9terminer le m\u00e9tier d&#8217;une vie: accompagnateur en montagne, rapidement \u00e9toff\u00e9 par la photographie.<\/p>\n<p>C&#8217;est en choisissant la th\u00e9matique de la nuit et la capture des effets de lumi\u00e8re, (parce que l&#8217;objectif est 1000 fois plus impressionn\u00e9 que l&#8217;oeil humain), que Patrice au retour de ces randonn\u00e9es nocturnes, nous permet de d\u00e9couvrir une atmosph\u00e8re envoutante, une ambiance fantasmagorique, parfois feutr\u00e9e, parfois exub\u00e9rante, mais toujours fascinante. Tant\u00f4t les \u00e9toiles illuminent\u00a0 une Voie Lact\u00e9e sublime, tant\u00f4t le brouillard fond les couleurs et la lumi\u00e8re, parfois les nuages modifient le champ des perceptions.<\/p>\n<p><img loading=\"lazy\" decoding=\"async\" class=\"alignnone wp-image-461 size-large\" src=\"https:\/\/thewinefactory.fr\/wp-content\/uploads\/2020\/02\/Te\u0302te-de-Bellachat-nuit-3-printemps-e\u0301te\u0301-2018-1024x316.jpg\" alt=\"\" width=\"525\" height=\"162\" srcset=\"https:\/\/thewinefactory.fr\/wp-content\/uploads\/2020\/02\/Te\u0302te-de-Bellachat-nuit-3-printemps-e\u0301te\u0301-2018-1024x316.jpg 1024w, https:\/\/thewinefactory.fr\/wp-content\/uploads\/2020\/02\/Te\u0302te-de-Bellachat-nuit-3-printemps-e\u0301te\u0301-2018-300x93.jpg 300w, https:\/\/thewinefactory.fr\/wp-content\/uploads\/2020\/02\/Te\u0302te-de-Bellachat-nuit-3-printemps-e\u0301te\u0301-2018-768x237.jpg 768w\" sizes=\"(max-width: 525px) 100vw, 525px\" \/><\/p>\n","protected":false},"excerpt":{"rendered":"<p>\u00a0Exposition Photo de nuit par Patrice LABARBE&#8211; \u201cContes de Nuits Lact\u00e9es\u201d Depuis plus de 30 ans ce chasseur d&#8217;images et de lumi\u00e8re, \u00e9galement accompagnateur en moontagne \u00e0 poser ses objectifs dans la Vall\u00e9e et saisi l&#8217;esth\u00e9tisme de la nature vesp\u00e9rale et nocturne et r\u00e9v\u00e8le des \u201cFragments de nuits perch\u00e9es\u201d. C&#8217;est \u00e0 l&#8217;\u00e2ge de 12 ans, &hellip; <\/p>\n<p class=\"link-more\"><a href=\"https:\/\/thewinefactory.fr\/index.php\/2020\/02\/09\/457\/\" class=\"more-link\">Continue reading<span class=\"screen-reader-text\"> &#8220;&#8221;<\/span><\/a><\/p>\n","protected":false},"author":1,"featured_media":0,"comment_status":"open","ping_status":"open","sticky":false,"template":"","format":"standard","meta":{"footnotes":""},"categories":[1],"tags":[],"_links":{"self":[{"href":"https:\/\/thewinefactory.fr\/index.php\/wp-json\/wp\/v2\/posts\/457"}],"collection":[{"href":"https:\/\/thewinefactory.fr\/index.php\/wp-json\/wp\/v2\/posts"}],"about":[{"href":"https:\/\/thewinefactory.fr\/index.php\/wp-json\/wp\/v2\/types\/post"}],"author":[{"embeddable":true,"href":"https:\/\/thewinefactory.fr\/index.php\/wp-json\/wp\/v2\/users\/1"}],"replies":[{"embeddable":true,"href":"https:\/\/thewinefactory.fr\/index.php\/wp-json\/wp\/v2\/comments?post=457"}],"version-history":[{"count":1,"href":"https:\/\/thewinefactory.fr\/index.php\/wp-json\/wp\/v2\/posts\/457\/revisions"}],"predecessor-version":[{"id":462,"href":"https:\/\/thewinefactory.fr\/index.php\/wp-json\/wp\/v2\/posts\/457\/revisions\/462"}],"wp:attachment":[{"href":"https:\/\/thewinefactory.fr\/index.php\/wp-json\/wp\/v2\/media?parent=457"}],"wp:term":[{"taxonomy":"category","embeddable":true,"href":"https:\/\/thewinefactory.fr\/index.php\/wp-json\/wp\/v2\/categories?post=457"},{"taxonomy":"post_tag","embeddable":true,"href":"https:\/\/thewinefactory.fr\/index.php\/wp-json\/wp\/v2\/tags?post=457"}],"curies":[{"name":"wp","href":"https:\/\/api.w.org\/{rel}","templated":true}]}}