{"id":432,"date":"2019-06-19T16:21:47","date_gmt":"2019-06-19T14:21:47","guid":{"rendered":"http:\/\/thewinefactory.fr\/?p=432"},"modified":"2019-06-19T16:26:16","modified_gmt":"2019-06-19T14:26:16","slug":"exposition-bleu-montagne-les-aquarelles-dagathe-sanglard","status":"publish","type":"post","link":"https:\/\/thewinefactory.fr\/index.php\/2019\/06\/19\/exposition-bleu-montagne-les-aquarelles-dagathe-sanglard\/","title":{"rendered":"Exposition Bleu Montagne \u2013 Les Aquarelles d&#8217;Agathe Sanglard"},"content":{"rendered":"\t\t<div data-elementor-type=\"wp-post\" data-elementor-id=\"432\" class=\"elementor elementor-432 elementor-bc-flex-widget\" data-elementor-settings=\"[]\">\n\t\t\t\t\t\t<div class=\"elementor-inner\">\n\t\t\t\t\t\t\t<div class=\"elementor-section-wrap\">\n\t\t\t\t\t\t\t<section class=\"elementor-section elementor-top-section elementor-element elementor-element-3e0dd03 elementor-section-boxed elementor-section-height-default elementor-section-height-default\" data-id=\"3e0dd03\" data-element_type=\"section\">\n\t\t\t\t\t\t<div class=\"elementor-container elementor-column-gap-default\">\n\t\t\t\t\t\t\t<div class=\"elementor-row\">\n\t\t\t\t\t<div class=\"elementor-column elementor-col-100 elementor-top-column elementor-element elementor-element-1a36743\" data-id=\"1a36743\" data-element_type=\"column\">\n\t\t\t<div class=\"elementor-column-wrap elementor-element-populated\">\n\t\t\t\t\t\t\t<div class=\"elementor-widget-wrap\">\n\t\t\t\t\t\t<section class=\"elementor-section elementor-inner-section elementor-element elementor-element-f65ecd9 elementor-section-boxed elementor-section-height-default elementor-section-height-default\" data-id=\"f65ecd9\" data-element_type=\"section\">\n\t\t\t\t\t\t<div class=\"elementor-container elementor-column-gap-default\">\n\t\t\t\t\t\t\t<div class=\"elementor-row\">\n\t\t\t\t\t<div class=\"elementor-column elementor-col-50 elementor-inner-column elementor-element elementor-element-72d361e\" data-id=\"72d361e\" data-element_type=\"column\">\n\t\t\t<div class=\"elementor-column-wrap elementor-element-populated\">\n\t\t\t\t\t\t\t<div class=\"elementor-widget-wrap\">\n\t\t\t\t\t\t<div class=\"elementor-element elementor-element-8185153 elementor-widget elementor-widget-image\" data-id=\"8185153\" data-element_type=\"widget\" data-widget_type=\"image.default\">\n\t\t\t\t<div class=\"elementor-widget-container\">\n\t\t\t\t\t<div class=\"elementor-image\">\n\t\t\t\t\t\t\t\t\t\t<img loading=\"lazy\" decoding=\"async\" width=\"212\" height=\"216\" src=\"https:\/\/thewinefactory.fr\/wp-content\/uploads\/2019\/06\/Agathe-Photo-1-e1589110771925.jpg\" class=\"attachment-large size-large\" alt=\"\" sizes=\"100vw\" \/>\t\t\t\t\t\t\t\t\t\t\t<\/div>\n\t\t\t\t<\/div>\n\t\t\t\t<\/div>\n\t\t\t\t\t\t<\/div>\n\t\t\t\t\t<\/div>\n\t\t<\/div>\n\t\t\t\t<div class=\"elementor-column elementor-col-50 elementor-inner-column elementor-element elementor-element-6f451ec\" data-id=\"6f451ec\" data-element_type=\"column\">\n\t\t\t<div class=\"elementor-column-wrap elementor-element-populated\">\n\t\t\t\t\t\t\t<div class=\"elementor-widget-wrap\">\n\t\t\t\t\t\t<div class=\"elementor-element elementor-element-2f443c2 elementor-widget elementor-widget-image\" data-id=\"2f443c2\" data-element_type=\"widget\" data-widget_type=\"image.default\">\n\t\t\t\t<div class=\"elementor-widget-container\">\n\t\t\t\t\t<div class=\"elementor-image\">\n\t\t\t\t\t\t\t\t\t\t<img loading=\"lazy\" decoding=\"async\" width=\"525\" height=\"394\" src=\"https:\/\/thewinefactory.fr\/wp-content\/uploads\/2019\/06\/Agathe-Photo-2-1024x768.jpg\" class=\"attachment-large size-large\" alt=\"\" srcset=\"https:\/\/thewinefactory.fr\/wp-content\/uploads\/2019\/06\/Agathe-Photo-2-1024x768.jpg 1024w, https:\/\/thewinefactory.fr\/wp-content\/uploads\/2019\/06\/Agathe-Photo-2-300x225.jpg 300w, https:\/\/thewinefactory.fr\/wp-content\/uploads\/2019\/06\/Agathe-Photo-2-768x576.jpg 768w, https:\/\/thewinefactory.fr\/wp-content\/uploads\/2019\/06\/Agathe-Photo-2.jpg 1600w\" sizes=\"100vw\" \/>\t\t\t\t\t\t\t\t\t\t\t<\/div>\n\t\t\t\t<\/div>\n\t\t\t\t<\/div>\n\t\t\t\t\t\t<\/div>\n\t\t\t\t\t<\/div>\n\t\t<\/div>\n\t\t\t\t\t\t\t\t<\/div>\n\t\t\t\t\t<\/div>\n\t\t<\/section>\n\t\t\t\t\t\t<\/div>\n\t\t\t\t\t<\/div>\n\t\t<\/div>\n\t\t\t\t\t\t\t\t<\/div>\n\t\t\t\t\t<\/div>\n\t\t<\/section>\n\t\t\t\t<section class=\"elementor-section elementor-top-section elementor-element elementor-element-241ceaa elementor-section-boxed elementor-section-height-default elementor-section-height-default\" data-id=\"241ceaa\" data-element_type=\"section\">\n\t\t\t\t\t\t<div class=\"elementor-container elementor-column-gap-default\">\n\t\t\t\t\t\t\t<div class=\"elementor-row\">\n\t\t\t\t\t<div class=\"elementor-column elementor-col-100 elementor-top-column elementor-element elementor-element-0db9669\" data-id=\"0db9669\" data-element_type=\"column\">\n\t\t\t<div class=\"elementor-column-wrap elementor-element-populated\">\n\t\t\t\t\t\t\t<div class=\"elementor-widget-wrap\">\n\t\t\t\t\t\t<div class=\"elementor-element elementor-element-a1843fb elementor-widget elementor-widget-text-editor\" data-id=\"a1843fb\" data-element_type=\"widget\" data-widget_type=\"text-editor.default\">\n\t\t\t\t<div class=\"elementor-widget-container\">\n\t\t\t\t\t<div class=\"elementor-text-editor elementor-clearfix\"><p><style>\n<!--\n \/* Font Definitions *\/\n @font-face\n\t{font-family:SimSun;\n\tpanose-1:2 1 6 0 3 1 1 1 1 1;\n\tmso-font-alt:\u5b8b\u4f53;\n\tmso-font-charset:134;\n\tmso-generic-font-family:auto;\n\tmso-font-pitch:variable;\n\tmso-font-signature:3 680460288 22 0 262145 0;}\n@font-face\n\t{font-family:\"Cambria Math\";\n\tpanose-1:2 4 5 3 5 4 6 3 2 4;\n\tmso-font-charset:0;\n\tmso-generic-font-family:roman;\n\tmso-font-pitch:variable;\n\tmso-font-signature:-536870145 1107305727 0 0 415 0;}\n@font-face\n\t{font-family:\"\\@SimSun\";\n\tpanose-1:2 1 6 0 3 1 1 1 1 1;\n\tmso-font-charset:134;\n\tmso-generic-font-family:auto;\n\tmso-font-pitch:variable;\n\tmso-font-signature:3 680460288 22 0 262145 0;}\n \/* Style Definitions *\/\n p.MsoNormal, li.MsoNormal, div.MsoNormal\n\t{mso-style-unhide:no;\n\tmso-style-qformat:yes;\n\tmso-style-parent:\"\";\n\tmargin:0cm;\n\tmargin-bottom:.0001pt;\n\tmso-pagination:none;\n\tmso-hyphenate:none;\n\ttext-autospace:ideograph-other;\n\tfont-size:12.0pt;\n\tfont-family:\"Times New Roman\",serif;\n\tmso-fareast-font-family:SimSun;\n\tmso-bidi-font-family:Arial;\n\tmso-font-kerning:1.5pt;\n\tmso-fareast-language:ZH-CN;\n\tmso-bidi-language:HI;}\np.Standard, li.Standard, div.Standard\n\t{mso-style-name:Standard;\n\tmso-style-unhide:no;\n\tmso-style-parent:\"\";\n\tmargin:0cm;\n\tmargin-bottom:.0001pt;\n\tmso-pagination:none;\n\tmso-hyphenate:none;\n\ttext-autospace:ideograph-other;\n\tfont-size:12.0pt;\n\tfont-family:\"Times New Roman\",serif;\n\tmso-fareast-font-family:SimSun;\n\tmso-bidi-font-family:Arial;\n\tmso-font-kerning:1.5pt;\n\tmso-fareast-language:ZH-CN;\n\tmso-bidi-language:HI;}\n.MsoChpDefault\n\t{mso-style-type:export-only;\n\tmso-default-props:yes;\n\tmso-fareast-font-family:SimSun;\n\tmso-bidi-font-family:Arial;\n\tmso-font-kerning:1.5pt;\n\tmso-fareast-language:ZH-CN;\n\tmso-bidi-language:HI;}\n.MsoPapDefault\n\t{mso-style-type:export-only;\n\tmso-pagination:none;\n\tmso-hyphenate:none;\n\ttext-autospace:ideograph-other;}\n@page WordSection1\n\t{size:612.0pt 792.0pt;\n\tmargin:70.85pt 70.85pt 70.85pt 70.85pt;\n\tmso-header-margin:36.0pt;\n\tmso-footer-margin:36.0pt;\n\tmso-paper-source:0;}\ndiv.WordSection1\n\t{page:WordSection1;}\n-->\n<\/style><\/p><p class=\"Standard\">Apr\u00e8s le succ\u00e8s de sa premi\u00e8re exposition, nous avons le plaisir d&#8217;accueillir \u00e0 nouveau du 25 juin au 12 juillet 2019, les aquarelles d&#8217;Agathe Sanglard, jeune artiste de la Vall\u00e9e dont les \u0153uvres restituent avec force, la beaut\u00e9 saisissante des Monts et Aiguilles qui nous entourent.<\/p><p class=\"Standard\">Son choix artistique est de r\u00e9aliser ses dessins en environnement naturel, au plus pr\u00e8s des paysages.<\/p><p class=\"Standard\">Sa grande sensibilit\u00e9 et la pr\u00e9cision de son trait lui permettent alors de donner litt\u00e9ralement vie \u00e0 ses \u0153uvres gr\u00e2ce \u00e0 ses partis pris et son art d&#8217;utiliser la couleur.<\/p><\/div>\n\t\t\t\t<\/div>\n\t\t\t\t<\/div>\n\t\t\t\t\t\t<\/div>\n\t\t\t\t\t<\/div>\n\t\t<\/div>\n\t\t\t\t\t\t\t\t<\/div>\n\t\t\t\t\t<\/div>\n\t\t<\/section>\n\t\t\t\t\t\t<\/div>\n\t\t\t\t\t\t<\/div>\n\t\t\t\t\t<\/div>\n\t\t","protected":false},"excerpt":{"rendered":"<p>Apr\u00e8s le succ\u00e8s de sa premi\u00e8re exposition, nous avons le plaisir d&#8217;accueillir \u00e0 nouveau du 25 juin au 12 juillet 2019, les aquarelles d&#8217;Agathe Sanglard, jeune artiste de la Vall\u00e9e dont les \u0153uvres restituent avec force, la beaut\u00e9 saisissante des Monts et Aiguilles qui nous entourent. Son choix artistique est de r\u00e9aliser ses dessins en &hellip; <\/p>\n<p class=\"link-more\"><a href=\"https:\/\/thewinefactory.fr\/index.php\/2019\/06\/19\/exposition-bleu-montagne-les-aquarelles-dagathe-sanglard\/\" class=\"more-link\">Continue reading<span class=\"screen-reader-text\"> &#8220;Exposition Bleu Montagne \u2013 Les Aquarelles d&#8217;Agathe Sanglard&#8221;<\/span><\/a><\/p>\n","protected":false},"author":1,"featured_media":0,"comment_status":"open","ping_status":"open","sticky":false,"template":"","format":"standard","meta":{"footnotes":""},"categories":[1],"tags":[],"_links":{"self":[{"href":"https:\/\/thewinefactory.fr\/index.php\/wp-json\/wp\/v2\/posts\/432"}],"collection":[{"href":"https:\/\/thewinefactory.fr\/index.php\/wp-json\/wp\/v2\/posts"}],"about":[{"href":"https:\/\/thewinefactory.fr\/index.php\/wp-json\/wp\/v2\/types\/post"}],"author":[{"embeddable":true,"href":"https:\/\/thewinefactory.fr\/index.php\/wp-json\/wp\/v2\/users\/1"}],"replies":[{"embeddable":true,"href":"https:\/\/thewinefactory.fr\/index.php\/wp-json\/wp\/v2\/comments?post=432"}],"version-history":[{"count":2,"href":"https:\/\/thewinefactory.fr\/index.php\/wp-json\/wp\/v2\/posts\/432\/revisions"}],"predecessor-version":[{"id":436,"href":"https:\/\/thewinefactory.fr\/index.php\/wp-json\/wp\/v2\/posts\/432\/revisions\/436"}],"wp:attachment":[{"href":"https:\/\/thewinefactory.fr\/index.php\/wp-json\/wp\/v2\/media?parent=432"}],"wp:term":[{"taxonomy":"category","embeddable":true,"href":"https:\/\/thewinefactory.fr\/index.php\/wp-json\/wp\/v2\/categories?post=432"},{"taxonomy":"post_tag","embeddable":true,"href":"https:\/\/thewinefactory.fr\/index.php\/wp-json\/wp\/v2\/tags?post=432"}],"curies":[{"name":"wp","href":"https:\/\/api.w.org\/{rel}","templated":true}]}}